{"id":118,"date":"2025-06-26T11:48:04","date_gmt":"2025-06-26T09:48:04","guid":{"rendered":"https:\/\/soisyrespire.fr\/?p=118"},"modified":"2025-06-26T11:48:04","modified_gmt":"2025-06-26T09:48:04","slug":"le-maire-toujours-recale-au-b-a-ba-de-lecologie","status":"publish","type":"post","link":"https:\/\/soisyrespire.fr\/index.php\/2025\/06\/26\/le-maire-toujours-recale-au-b-a-ba-de-lecologie\/","title":{"rendered":"Le maire toujours recal\u00e9 au B.A. ba de l&rsquo;\u00e9cologie"},"content":{"rendered":"\n<p>Si ce n&rsquo;est qu&rsquo;\u00e0 l&rsquo;usage que l&rsquo;on pourra juger si la conception du centre culturel le Tr\u00e8fle est bien adapt\u00e9e aux besoins des Sois\u00e9ens, il y a au moins un point sur lequel il y a un rat\u00e9 : l&rsquo;ext\u00e9rieur.<\/p>\n\n\n\n<p>Le choix de garder un grand espace entre la rue et l&rsquo;entr\u00e9e du centre est \u00e9tonnant mais \u00e9ventuellement entendable. Ce qui ne l&rsquo;est pas, en revanche, c&rsquo;est que cet espace soit enti\u00e8rement b\u00e9tonn\u00e9, occasionnant syst\u00e9matiquement quelques degr\u00e9s de plus d\u00e8s que le soleil est l\u00e0.<\/p>\n\n\n\n<p>Pourtant, il \u00e9tait facile de v\u00e9g\u00e9taliser cet espace et d&rsquo;y planter de vrais arbres. Mais, quand on est imperm\u00e9able aux probl\u00e9matiques \u00e9cologiques comme l&rsquo;est le maire, ce n&rsquo;est pas sur ce sujet que l&rsquo;on va \u00e9couter les propositions constructives de l&rsquo;opposition ! <\/p>\n","protected":false},"excerpt":{"rendered":"<p>Si ce n&rsquo;est qu&rsquo;\u00e0 l&rsquo;usage que l&rsquo;on pourra juger si la conception du centre culturel le Tr\u00e8fle est bien adapt\u00e9e aux besoins des Sois\u00e9ens, il y a au moins un point sur lequel il y a un rat\u00e9 : l&rsquo;ext\u00e9rieur. Le choix de garder un grand espace entre la rue et l&rsquo;entr\u00e9e du centre est &hellip; <a href=\"https:\/\/soisyrespire.fr\/index.php\/2025\/06\/26\/le-maire-toujours-recale-au-b-a-ba-de-lecologie\/\" class=\"more-link\">Continuer la lecture<span class=\"screen-reader-text\"> de &laquo;&nbsp;Le maire toujours recal\u00e9 au B.A. ba de l&rsquo;\u00e9cologie&nbsp;&raquo;<\/span><\/a><\/p>\n","protected":false},"author":1,"featured_media":0,"comment_status":"closed","ping_status":"","sticky":false,"template":"","format":"standard","meta":{"footnotes":""},"categories":[1],"tags":[8,7,9],"class_list":["post-118","post","type-post","status-publish","format-standard","hentry","category-non-classe","tag-ecologie","tag-le-trefle","tag-luc-strehaiano"],"_links":{"self":[{"href":"https:\/\/soisyrespire.fr\/index.php\/wp-json\/wp\/v2\/posts\/118","targetHints":{"allow":["GET"]}}],"collection":[{"href":"https:\/\/soisyrespire.fr\/index.php\/wp-json\/wp\/v2\/posts"}],"about":[{"href":"https:\/\/soisyrespire.fr\/index.php\/wp-json\/wp\/v2\/types\/post"}],"author":[{"embeddable":true,"href":"https:\/\/soisyrespire.fr\/index.php\/wp-json\/wp\/v2\/users\/1"}],"replies":[{"embeddable":true,"href":"https:\/\/soisyrespire.fr\/index.php\/wp-json\/wp\/v2\/comments?post=118"}],"version-history":[{"count":2,"href":"https:\/\/soisyrespire.fr\/index.php\/wp-json\/wp\/v2\/posts\/118\/revisions"}],"predecessor-version":[{"id":120,"href":"https:\/\/soisyrespire.fr\/index.php\/wp-json\/wp\/v2\/posts\/118\/revisions\/120"}],"wp:attachment":[{"href":"https:\/\/soisyrespire.fr\/index.php\/wp-json\/wp\/v2\/media?parent=118"}],"wp:term":[{"taxonomy":"category","embeddable":true,"href":"https:\/\/soisyrespire.fr\/index.php\/wp-json\/wp\/v2\/categories?post=118"},{"taxonomy":"post_tag","embeddable":true,"href":"https:\/\/soisyrespire.fr\/index.php\/wp-json\/wp\/v2\/tags?post=118"}],"curies":[{"name":"wp","href":"https:\/\/api.w.org\/{rel}","templated":true}]}}