{"id":158,"date":"2025-12-08T15:17:43","date_gmt":"2025-12-08T14:17:43","guid":{"rendered":"https:\/\/soisyrespire.fr\/?p=158"},"modified":"2025-12-12T15:18:05","modified_gmt":"2025-12-12T14:18:05","slug":"la-politique-culturelle-de-la-majorite-guidee-par-les-algorithmes","status":"publish","type":"post","link":"https:\/\/soisyrespire.fr\/index.php\/2025\/12\/08\/la-politique-culturelle-de-la-majorite-guidee-par-les-algorithmes\/","title":{"rendered":"La politique culturelle de la majorit\u00e9 guid\u00e9e par les algorithmes"},"content":{"rendered":"\n<p>Les Sois\u00e9ennes et Sois\u00e9ens qui, occasionnellement ou r\u00e9guli\u00e8rement, parcourent les couloirs du Tr\u00e8fle peuvent s&rsquo;interroger sur le choix du nom des salles : \u00ab\u00a0Charles Baudelaire\u00a0\u00bb, \u00ab\u00a0Claude Monet\u00a0\u00bb, \u00ab\u00a0Claude Debussy\u00a0\u00bb, \u00ab\u00a0Auguste Rodin &#8211; Camille Claudel\u00a0\u00bb. Un po\u00e8te, un peintre, un compositeur, un sculpteur et une sculptrice. Quelle est la logique qui a conduit \u00e0 ce choix ?<\/p>\n\n\n\n<p>Le nom de Camille Claudel a \u00e9t\u00e9 rajout\u00e9 in extr\u00e9mis pour ne pas avoir l&rsquo;air trop misogyne, sauf que la fa\u00e7on dont cela a \u00e9t\u00e9 fait est encore une insulte faite aux femmes : <em>\u00ab\u00a0Nous reconstituons le couple Auguste Rodin et \u00e0 c\u00f4t\u00e9 nous ajoutons Camille Claudel\u00a0\u00bb<\/em>, a d\u00e9clar\u00e9 Luc Strehaiano lors du conseil municipal du 6 f\u00e9vrier 2025. N&rsquo;\u00e9tait-il donc pas possible de reconna\u00eetre le talent de Camille Claudel sans l&rsquo;associer \u00e0 un homme ?<\/p>\n\n\n\n<p>Et quant aux autres d\u00e9nominations, le compte-rendu de ce m\u00eame conseil municipal nous apprend que <em>\u00ab\u00a0nous avons tout simplement choisi les artistes, chacun dans leur domaine, fran\u00e7ais, les plus connus mondialement et universellement\u00a0\u00bb.<\/em>.. Alors que baptiser des salles d&rsquo;un lieu culturel \u00e9tait l&rsquo;occasion de marquer une intention artistique, culturelle ou \u00e9ducative, non, \u00e0 Soisy, il n&rsquo;y a pas d&rsquo;intention, on s&rsquo;en remet \u00e0 ce que les algorithmes d\u00e9signent comme le plus connu. Une telle approche laisse sans voix.<\/p>\n\n\n\n<p>La beaut\u00e9 du lieu ne suffira donc pas, il faut d\u00e9cid\u00e9ment une autre majorit\u00e9 municipale pour lui donner une \u00e2me.<\/p>\n\n\n\n<p><\/p>\n","protected":false},"excerpt":{"rendered":"<p>Les Sois\u00e9ennes et Sois\u00e9ens qui, occasionnellement ou r\u00e9guli\u00e8rement, parcourent les couloirs du Tr\u00e8fle peuvent s&rsquo;interroger sur le choix du nom des salles : \u00ab\u00a0Charles Baudelaire\u00a0\u00bb, \u00ab\u00a0Claude Monet\u00a0\u00bb, \u00ab\u00a0Claude Debussy\u00a0\u00bb, \u00ab\u00a0Auguste Rodin &#8211; Camille Claudel\u00a0\u00bb. Un po\u00e8te, un peintre, un compositeur, un sculpteur et une sculptrice. Quelle est la logique qui a conduit \u00e0 ce choix &hellip; <a href=\"https:\/\/soisyrespire.fr\/index.php\/2025\/12\/08\/la-politique-culturelle-de-la-majorite-guidee-par-les-algorithmes\/\" class=\"more-link\">Continuer la lecture<span class=\"screen-reader-text\"> de &laquo;&nbsp;La politique culturelle de la majorit\u00e9 guid\u00e9e par les algorithmes&nbsp;&raquo;<\/span><\/a><\/p>\n","protected":false},"author":1,"featured_media":0,"comment_status":"closed","ping_status":"","sticky":false,"template":"","format":"standard","meta":{"footnotes":""},"categories":[1],"tags":[27,25,26,22,24,23,9,21],"class_list":["post-158","post","type-post","status-publish","format-standard","hentry","category-non-classe","tag-algorithmes","tag-auguste-rodin","tag-camille-claudel","tag-charles-baudelaire","tag-claude-debussy","tag-claude-monet","tag-luc-strehaiano","tag-trefle"],"_links":{"self":[{"href":"https:\/\/soisyrespire.fr\/index.php\/wp-json\/wp\/v2\/posts\/158","targetHints":{"allow":["GET"]}}],"collection":[{"href":"https:\/\/soisyrespire.fr\/index.php\/wp-json\/wp\/v2\/posts"}],"about":[{"href":"https:\/\/soisyrespire.fr\/index.php\/wp-json\/wp\/v2\/types\/post"}],"author":[{"embeddable":true,"href":"https:\/\/soisyrespire.fr\/index.php\/wp-json\/wp\/v2\/users\/1"}],"replies":[{"embeddable":true,"href":"https:\/\/soisyrespire.fr\/index.php\/wp-json\/wp\/v2\/comments?post=158"}],"version-history":[{"count":10,"href":"https:\/\/soisyrespire.fr\/index.php\/wp-json\/wp\/v2\/posts\/158\/revisions"}],"predecessor-version":[{"id":170,"href":"https:\/\/soisyrespire.fr\/index.php\/wp-json\/wp\/v2\/posts\/158\/revisions\/170"}],"wp:attachment":[{"href":"https:\/\/soisyrespire.fr\/index.php\/wp-json\/wp\/v2\/media?parent=158"}],"wp:term":[{"taxonomy":"category","embeddable":true,"href":"https:\/\/soisyrespire.fr\/index.php\/wp-json\/wp\/v2\/categories?post=158"},{"taxonomy":"post_tag","embeddable":true,"href":"https:\/\/soisyrespire.fr\/index.php\/wp-json\/wp\/v2\/tags?post=158"}],"curies":[{"name":"wp","href":"https:\/\/api.w.org\/{rel}","templated":true}]}}