{"id":177,"date":"2026-01-10T16:08:49","date_gmt":"2026-01-10T15:08:49","guid":{"rendered":"https:\/\/soisyrespire.fr\/?p=177"},"modified":"2026-01-10T16:08:49","modified_gmt":"2026-01-10T15:08:49","slug":"lettre-de-catherine-david-elue-de-soisy-respire","status":"publish","type":"post","link":"https:\/\/soisyrespire.fr\/index.php\/2026\/01\/10\/lettre-de-catherine-david-elue-de-soisy-respire\/","title":{"rendered":"Lettre de Catherine David, \u00e9lue de Soisy Respire"},"content":{"rendered":"\n<p>Tout d&rsquo;abord je vous souhaite une belle ann\u00e9e 2026 faite de r\u00e9ussite et de moments chaleureux avec vos proches. Durant ces six ann\u00e9es au conseil municipal j&rsquo;ai \u0153uvr\u00e9 pour toujours plus de justice sociale et pour une r\u00e9elle transition \u00e9cologique. \u00c7a n&rsquo;a pas \u00e9t\u00e9 simple. Seule \u00e9lue femme de l&rsquo;opposition, je me suis heurt\u00e9e \u00e0 une gouvernance peu d\u00e9mocratique, j&rsquo;ai subi attaques, pressions voire humiliations, mais j&rsquo;ai tenu le cap.<\/p>\n\n\n\n<p>En vue des \u00e9lections municipales de 2026, il me semblait n\u00e9cessaire de se rassembler pour mettre fin \u00e0 trente ann\u00e9es d&rsquo;une politique ne r\u00e9pondant plus aux probl\u00e9matiques du moment. Mais cela n&rsquo;a pas \u00e9t\u00e9 possible et je le regrette.  Chacun restant sur ses ambitions \u2014 d\u00e9tenir personnellement le pouvoir politique de la ville sans tenir compte  du collectif \u2014 j&rsquo;ai donc d\u00e9cid\u00e9 de n&rsquo;\u00eatre candidate sur aucune liste aux prochaines \u00e9lections municipales.<\/p>\n\n\n\n<p>Je remercie les Sois\u00e9ennes et les Sois\u00e9ens qui m&rsquo;ont fait confiance et resterai attentive \u00e0 ce que notre ville ne soit pas d\u00e9natur\u00e9e par des politiques destructrices du vivant. Je continuerai \u00e0 d\u00e9fendre une \u00e9cologie qui prot\u00e8ge et qui pr\u00e9pare un avenir soutenable pour nos enfants.<\/p>\n\n\n\n<p class=\"has-text-align-right\">Bien \u00e0 vous,<br>Catherine David<\/p>\n","protected":false},"excerpt":{"rendered":"<p>Tout d&rsquo;abord je vous souhaite une belle ann\u00e9e 2026 faite de r\u00e9ussite et de moments chaleureux avec vos proches. Durant ces six ann\u00e9es au conseil municipal j&rsquo;ai \u0153uvr\u00e9 pour toujours plus de justice sociale et pour une r\u00e9elle transition \u00e9cologique. \u00c7a n&rsquo;a pas \u00e9t\u00e9 simple. Seule \u00e9lue femme de l&rsquo;opposition, je me suis heurt\u00e9e \u00e0 &hellip; <a href=\"https:\/\/soisyrespire.fr\/index.php\/2026\/01\/10\/lettre-de-catherine-david-elue-de-soisy-respire\/\" class=\"more-link\">Continuer la lecture<span class=\"screen-reader-text\"> de &laquo;&nbsp;Lettre de Catherine David, \u00e9lue de Soisy Respire&nbsp;&raquo;<\/span><\/a><\/p>\n","protected":false},"author":1,"featured_media":0,"comment_status":"closed","ping_status":"","sticky":false,"template":"","format":"standard","meta":{"footnotes":""},"categories":[1],"tags":[],"class_list":["post-177","post","type-post","status-publish","format-standard","hentry","category-non-classe"],"_links":{"self":[{"href":"https:\/\/soisyrespire.fr\/index.php\/wp-json\/wp\/v2\/posts\/177","targetHints":{"allow":["GET"]}}],"collection":[{"href":"https:\/\/soisyrespire.fr\/index.php\/wp-json\/wp\/v2\/posts"}],"about":[{"href":"https:\/\/soisyrespire.fr\/index.php\/wp-json\/wp\/v2\/types\/post"}],"author":[{"embeddable":true,"href":"https:\/\/soisyrespire.fr\/index.php\/wp-json\/wp\/v2\/users\/1"}],"replies":[{"embeddable":true,"href":"https:\/\/soisyrespire.fr\/index.php\/wp-json\/wp\/v2\/comments?post=177"}],"version-history":[{"count":5,"href":"https:\/\/soisyrespire.fr\/index.php\/wp-json\/wp\/v2\/posts\/177\/revisions"}],"predecessor-version":[{"id":182,"href":"https:\/\/soisyrespire.fr\/index.php\/wp-json\/wp\/v2\/posts\/177\/revisions\/182"}],"wp:attachment":[{"href":"https:\/\/soisyrespire.fr\/index.php\/wp-json\/wp\/v2\/media?parent=177"}],"wp:term":[{"taxonomy":"category","embeddable":true,"href":"https:\/\/soisyrespire.fr\/index.php\/wp-json\/wp\/v2\/categories?post=177"},{"taxonomy":"post_tag","embeddable":true,"href":"https:\/\/soisyrespire.fr\/index.php\/wp-json\/wp\/v2\/tags?post=177"}],"curies":[{"name":"wp","href":"https:\/\/api.w.org\/{rel}","templated":true}]}}