{"id":185,"date":"2026-03-13T15:14:28","date_gmt":"2026-03-13T14:14:28","guid":{"rendered":"https:\/\/soisyrespire.fr\/?p=185"},"modified":"2026-03-13T15:14:28","modified_gmt":"2026-03-13T14:14:28","slug":"pour-le-premier-tour-des-municipales-2026","status":"publish","type":"post","link":"https:\/\/soisyrespire.fr\/index.php\/2026\/03\/13\/pour-le-premier-tour-des-municipales-2026\/","title":{"rendered":"Pour le premier tour des municipales 2026"},"content":{"rendered":"\n<p>Soisy Respire \u00e9tait \u2014 th\u00e9oriquement du moins \u2014 la liste d&rsquo;union de la gauche aux \u00e9lections municipales de 2020. Il est tr\u00e8s regrettable que les circonstances n&rsquo;aient pas permis de continuer tout en esp\u00e9rant faire mieux. Aujourd&rsquo;hui quelques anciens de Soisy Respire peuvent se retrouver sur des listes diff\u00e9rentes.<\/p>\n\n\n\n<p>Mais, pour les militants des \u00c9cologistes, apr\u00e8s avoir \u00e9tudi\u00e9 les propositions et la composition des diff\u00e9rentes listes, notre soutien va \u00e0 la liste En avant Soisy conduite par Aylan Belili.<\/p>\n\n\n\n<p>Catherine David, Arnaud Estrade, Fran\u00e7ois Delcombre<\/p>\n","protected":false},"excerpt":{"rendered":"<p>Soisy Respire \u00e9tait \u2014 th\u00e9oriquement du moins \u2014 la liste d&rsquo;union de la gauche aux \u00e9lections municipales de 2020. Il est tr\u00e8s regrettable que les circonstances n&rsquo;aient pas permis de continuer tout en esp\u00e9rant faire mieux. Aujourd&rsquo;hui quelques anciens de Soisy Respire peuvent se retrouver sur des listes diff\u00e9rentes. Mais, pour les militants des \u00c9cologistes, &hellip; <a href=\"https:\/\/soisyrespire.fr\/index.php\/2026\/03\/13\/pour-le-premier-tour-des-municipales-2026\/\" class=\"more-link\">Continuer la lecture<span class=\"screen-reader-text\"> de &laquo;&nbsp;Pour le premier tour des municipales 2026&nbsp;&raquo;<\/span><\/a><\/p>\n","protected":false},"author":1,"featured_media":0,"comment_status":"closed","ping_status":"","sticky":false,"template":"","format":"standard","meta":{"footnotes":""},"categories":[1],"tags":[29,28,19,30,31],"class_list":["post-185","post","type-post","status-publish","format-standard","hentry","category-non-classe","tag-arnaud-estrade","tag-aylan-belili","tag-catherine-david","tag-francois-delcombre","tag-les-ecologistes"],"_links":{"self":[{"href":"https:\/\/soisyrespire.fr\/index.php\/wp-json\/wp\/v2\/posts\/185","targetHints":{"allow":["GET"]}}],"collection":[{"href":"https:\/\/soisyrespire.fr\/index.php\/wp-json\/wp\/v2\/posts"}],"about":[{"href":"https:\/\/soisyrespire.fr\/index.php\/wp-json\/wp\/v2\/types\/post"}],"author":[{"embeddable":true,"href":"https:\/\/soisyrespire.fr\/index.php\/wp-json\/wp\/v2\/users\/1"}],"replies":[{"embeddable":true,"href":"https:\/\/soisyrespire.fr\/index.php\/wp-json\/wp\/v2\/comments?post=185"}],"version-history":[{"count":3,"href":"https:\/\/soisyrespire.fr\/index.php\/wp-json\/wp\/v2\/posts\/185\/revisions"}],"predecessor-version":[{"id":188,"href":"https:\/\/soisyrespire.fr\/index.php\/wp-json\/wp\/v2\/posts\/185\/revisions\/188"}],"wp:attachment":[{"href":"https:\/\/soisyrespire.fr\/index.php\/wp-json\/wp\/v2\/media?parent=185"}],"wp:term":[{"taxonomy":"category","embeddable":true,"href":"https:\/\/soisyrespire.fr\/index.php\/wp-json\/wp\/v2\/categories?post=185"},{"taxonomy":"post_tag","embeddable":true,"href":"https:\/\/soisyrespire.fr\/index.php\/wp-json\/wp\/v2\/tags?post=185"}],"curies":[{"name":"wp","href":"https:\/\/api.w.org\/{rel}","templated":true}]}}