{"id":99,"date":"2025-06-19T15:36:32","date_gmt":"2025-06-19T13:36:32","guid":{"rendered":"https:\/\/soisyrespire.fr\/?p=99"},"modified":"2025-06-26T11:51:52","modified_gmt":"2025-06-26T09:51:52","slug":"lart-de-desesperer-du-maire","status":"publish","type":"post","link":"https:\/\/soisyrespire.fr\/index.php\/2025\/06\/19\/lart-de-desesperer-du-maire\/","title":{"rendered":"La conception du \u00ab\u00a0vivre ensemble\u00a0\u00bb de Luc Strehaiano"},"content":{"rendered":"\n<p>Le 16 avril, le maire a pris un arr\u00eat\u00e9 ordonnant la fermeture du centre d&rsquo;h\u00e9bergement se trouvant 5 avenue du Muguet, centre g\u00e9r\u00e9 par l&rsquo;association ESPERER 95. Fort logiquement, l&rsquo;association a demand\u00e9 la suspension de cet arr\u00eat\u00e9 au tribunal administratif qui malheureusement a rejet\u00e9 cette demande le 5 juin.<\/p>\n\n\n\n<p>Tr\u00e8s fier de lui, le maire a envoy\u00e9 un courrier aux riverains de l&rsquo;avenue du Muguet pour se vanter de ce haut fait d&rsquo;armes et les assurer qu&rsquo;il veillera \u00e0 ce que les occupants de ce centre soient expuls\u00e9s. Cependant, il risque d&rsquo;avoir du mal, parce que m\u00eame le pr\u00e9fet pense que ce n&rsquo;est pas une bonne chose. D&rsquo;autant que ces familles, avec des enfants scolaris\u00e9s \u00e0 Soisy, ne font de mal \u00e0 personne&#8230;<\/p>\n\n\n\n<p><\/p>\n\n\n\n<p><\/p>\n\n\n\n<p><\/p>\n\n\n\n<p><\/p>\n","protected":false},"excerpt":{"rendered":"<p>Le 16 avril, le maire a pris un arr\u00eat\u00e9 ordonnant la fermeture du centre d&rsquo;h\u00e9bergement se trouvant 5 avenue du Muguet, centre g\u00e9r\u00e9 par l&rsquo;association ESPERER 95. Fort logiquement, l&rsquo;association a demand\u00e9 la suspension de cet arr\u00eat\u00e9 au tribunal administratif qui malheureusement a rejet\u00e9 cette demande le 5 juin. Tr\u00e8s fier de lui, le maire &hellip; <a href=\"https:\/\/soisyrespire.fr\/index.php\/2025\/06\/19\/lart-de-desesperer-du-maire\/\" class=\"more-link\">Continuer la lecture<span class=\"screen-reader-text\"> de &laquo;&nbsp;La conception du \u00ab\u00a0vivre ensemble\u00a0\u00bb de Luc Strehaiano&nbsp;&raquo;<\/span><\/a><\/p>\n","protected":false},"author":1,"featured_media":0,"comment_status":"closed","ping_status":"","sticky":false,"template":"","format":"standard","meta":{"footnotes":""},"categories":[1],"tags":[10,9],"class_list":["post-99","post","type-post","status-publish","format-standard","hentry","category-non-classe","tag-esperer-95","tag-luc-strehaiano"],"_links":{"self":[{"href":"https:\/\/soisyrespire.fr\/index.php\/wp-json\/wp\/v2\/posts\/99","targetHints":{"allow":["GET"]}}],"collection":[{"href":"https:\/\/soisyrespire.fr\/index.php\/wp-json\/wp\/v2\/posts"}],"about":[{"href":"https:\/\/soisyrespire.fr\/index.php\/wp-json\/wp\/v2\/types\/post"}],"author":[{"embeddable":true,"href":"https:\/\/soisyrespire.fr\/index.php\/wp-json\/wp\/v2\/users\/1"}],"replies":[{"embeddable":true,"href":"https:\/\/soisyrespire.fr\/index.php\/wp-json\/wp\/v2\/comments?post=99"}],"version-history":[{"count":7,"href":"https:\/\/soisyrespire.fr\/index.php\/wp-json\/wp\/v2\/posts\/99\/revisions"}],"predecessor-version":[{"id":121,"href":"https:\/\/soisyrespire.fr\/index.php\/wp-json\/wp\/v2\/posts\/99\/revisions\/121"}],"wp:attachment":[{"href":"https:\/\/soisyrespire.fr\/index.php\/wp-json\/wp\/v2\/media?parent=99"}],"wp:term":[{"taxonomy":"category","embeddable":true,"href":"https:\/\/soisyrespire.fr\/index.php\/wp-json\/wp\/v2\/categories?post=99"},{"taxonomy":"post_tag","embeddable":true,"href":"https:\/\/soisyrespire.fr\/index.php\/wp-json\/wp\/v2\/tags?post=99"}],"curies":[{"name":"wp","href":"https:\/\/api.w.org\/{rel}","templated":true}]}}